{"id":9702,"date":"2023-09-10T00:34:00","date_gmt":"2023-09-09T22:34:00","guid":{"rendered":"https:\/\/www.catalunyaplants.com\/cat\/?p=9702"},"modified":"2023-09-11T20:44:53","modified_gmt":"2023-09-11T18:44:53","slug":"plantes-imprescindibles-per-cultivar-a-la-tardor","status":"publish","type":"post","link":"https:\/\/www.catalunyaplants.com\/cat\/plantes-imprescindibles-per-cultivar-a-la-tardor\/","title":{"rendered":"5 plantes imprescindibles per cultivar aquesta tardor"},"content":{"rendered":"<p>La tardor \u00e9s una estaci\u00f3 m\u00e0gica per als amants de la jardineria.&nbsp;Amb l&#8217;arribada de temperatures m\u00e9s fresques i dies m\u00e9s curts, \u00e9s el moment perfecte per donar-li un toc \u00fanic i vibrant al teu jard\u00ed, terrassa o fins i tot a casa teva.<\/p>\n<p>En aquest article, us presentem cinc plantes ideals per cultivar durant aquesta estaci\u00f3, cadascuna amb les seves pr\u00f2pies caracter\u00edstiques, proced\u00e8ncia, cures i com poden embellir el teu espai de manera excepcional.<\/p>\n<h2>Crisantem (Chrysanthemum spp.)<\/h2>\n<p><img loading=\"lazy\" decoding=\"async\" class=\"aligncenter size-full wp-image-14887\" src=\"https:\/\/www.catalunyaplants.com\/wp-content\/uploads\/2023\/09\/crisantemos2.webp\" sizes=\"(min-width: 0px) and (max-width: 480px) 480px, (min-width: 481px) 800px, 100vw\" srcset=\"https:\/\/www.catalunyaplants.com\/wp-content\/uploads\/2023\/09\/crisantemos2.webp 800w, https:\/\/www.catalunyaplants.com\/wp-content\/uploads\/2023\/09\/crisantemos2-480x320.webp 480w\" alt=\"\" width=\"800\" height=\"534\"><\/p>\n<p>El crisantem \u00e9s una planta que simbolitza la bellesa tardorenca.&nbsp;Origin\u00e0ria d\u00b4\u00c0sia, aquesta flor ve en una varietat de colors, des del blanc pur fins al vibrant groc i el c\u00e0lid vermell.&nbsp;Els crisantems s\u00f3n ideals per decorar jardins i testos.<\/p>\n<p>Requereixen una exposici\u00f3 al sol parcial i un reg regular, mantenint el substrat humit.&nbsp;La seva resist\u00e8ncia al fred els fa perfectes per a la tardor.<\/p>\n<h2>Cal\u00e8ndula (Calendula officinalis)<\/h2>\n<p><img loading=\"lazy\" decoding=\"async\" class=\"aligncenter size-full wp-image-14882\" src=\"https:\/\/www.catalunyaplants.com\/wp-content\/uploads\/2023\/09\/calendula.webp\" sizes=\"(min-width: 0px) and (max-width: 480px) 480px, (min-width: 481px) 800px, 100vw\" srcset=\"https:\/\/www.catalunyaplants.com\/wp-content\/uploads\/2023\/09\/calendula.webp 800w, https:\/\/www.catalunyaplants.com\/wp-content\/uploads\/2023\/09\/calendula-480x288.webp 480w\" alt=\"\" width=\"800\" height=\"480\"><\/p>\n<p>Les cal\u00e8ndules s\u00f3n plantes f\u00e0cils de cultivar que afegeixen un toc de sol al teu espai durant la tardor.&nbsp;Origin\u00e0ries d&#8217;Europa, aquestes flors v\u00e9nen en tons des del groc brillant fins al taronja intens.<\/p>\n<p>Prosperen a ple sol i tenen una gran resist\u00e8ncia al fred.&nbsp;A m\u00e9s de ser atractives per a la vista, les cal\u00e8ndules tamb\u00e9 tenen propietats medicinals i es poden utilitzar en ung\u00fcents i tes.<\/p>\n<h2>Falguera Japonesa (Athyrium niponicum)<\/h2>\n<p><img loading=\"lazy\" decoding=\"async\" class=\"aligncenter size-full wp-image-14883\" src=\"https:\/\/www.catalunyaplants.com\/wp-content\/uploads\/2023\/09\/helecho-japones.webp\" sizes=\"(min-width: 0px) and (max-width: 480px) 480px, (min-width: 481px) 800px, 100vw\" srcset=\"https:\/\/www.catalunyaplants.com\/wp-content\/uploads\/2023\/09\/helecho-japones.webp 800w, https:\/\/www.catalunyaplants.com\/wp-content\/uploads\/2023\/09\/helecho-japones-480x320.webp 480w\" alt=\"\" width=\"800\" height=\"533\"><\/p>\n<p>Si busques afegir un toc d&#8217;eleg\u00e0ncia al teu jard\u00ed de tardor, considera la falguera japonesa.&nbsp;Aquesta planta perenne \u00e9s nativa d&#8217;\u00c0sia i es destaca per les frondoses fulles amb tons platejats i porpres.<\/p>\n<p>La falguera japonesa prospera en zones d&#8217;ombra parcial i terra ben drenat.&nbsp;\u00c9s perfecte per a jardins d&#8217;ombra o com a planta d&#8217;interior.<\/p>\n<h2>Aster (Aster spp.)<\/h2>\n<p><img loading=\"lazy\" decoding=\"async\" class=\"aligncenter size-full wp-image-14884\" src=\"https:\/\/www.catalunyaplants.com\/wp-content\/uploads\/2023\/09\/asteres.webp\" sizes=\"(min-width: 0px) and (max-width: 480px) 480px, (min-width: 481px) 800px, 100vw\" srcset=\"https:\/\/www.catalunyaplants.com\/wp-content\/uploads\/2023\/09\/asteres.webp 800w, https:\/\/www.catalunyaplants.com\/wp-content\/uploads\/2023\/09\/asteres-480x320.webp 480w\" alt=\"\" width=\"800\" height=\"533\"><\/p>\n<p>Els asteres s\u00f3n coneguts per les seves flors semblants a margarides que floreixen en una varietat de colors, com el blau, el porpra i el rosa.&nbsp;Origin\u00e0ries d&#8217;Am\u00e8rica del Nord, aquestes plantes floreixen a la tardor, cosa que les converteix en l&#8217;elecci\u00f3 perfecta per donar vida al teu jard\u00ed durant aquesta temporada.<\/p>\n<p>Requereixen sol ple i terres ben drenats.&nbsp;Els asteres tamb\u00e9 s\u00f3n atractius per a papallones i abelles, cosa que beneficia la biodiversitat del teu jard\u00ed.<\/p>\n<h2>Zamioculca (Zamioculca zamiifolia)<\/h2>\n<p><img loading=\"lazy\" decoding=\"async\" class=\"aligncenter size-full wp-image-14886\" src=\"https:\/\/www.catalunyaplants.com\/wp-content\/uploads\/2023\/09\/zamioculcas.webp\" sizes=\"(min-width: 0px) and (max-width: 480px) 480px, (min-width: 481px) 800px, 100vw\" srcset=\"https:\/\/www.catalunyaplants.com\/wp-content\/uploads\/2023\/09\/zamioculcas.webp 800w, https:\/\/www.catalunyaplants.com\/wp-content\/uploads\/2023\/09\/zamioculcas-480x320.webp 480w\" alt=\"\" width=\"800\" height=\"534\"><\/p>\n<p>Si busques una planta d&#8217;interior que afegeixi un toc de tardor a la teva llar, la zamioculca \u00e9s una excel\u00b7lent opci\u00f3. Aquesta planta \u00e9s origin\u00e0ria d&#8217;\u00c0frica i \u00e9s coneguda per les fulles verdes brillants i la resist\u00e8ncia a condicions d&#8217;interior.<\/p>\n<p>Requereix poca aigua i llum indirecta, cosa que la converteix en la companya perfecta per a espais interiors.<\/p>\n<p>Aquestes cinc plantes s\u00f3n nom\u00e9s una mostra de les nombroses opcions disponibles per donar vida i color al teu espai durant la tardor. Ja sigui que tri\u00efs cultivar-les al teu jard\u00ed, a testos o a l&#8217;interior de la teva llar, aquestes plantes segurament afegiran un toc especial i encantador al teu entorn, fent que gaudeixis encara m\u00e9s de la bellesa d&#8217;aquesta estaci\u00f3.<\/p>\n<p>No dubtis a incorporar-les al teu proper projecte de jardineria o decoraci\u00f3!<\/p>\n<p>&nbsp;<\/p>\n","protected":false},"excerpt":{"rendered":"<p>La tardor \u00e9s una estaci\u00f3 m\u00e0gica per als amants de la jardineria.&nbsp;Amb l&#8217;arribada de temperatures m\u00e9s fresques i dies m\u00e9s curts, \u00e9s el moment perfecte per donar-li un toc \u00fanic i vibrant al teu jard\u00ed, terrassa o fins i tot a casa teva. En aquest article, us presentem cinc plantes ideals per cultivar durant aquesta [&hellip;]<\/p>\n","protected":false},"author":4,"featured_media":9703,"comment_status":"open","ping_status":"open","sticky":false,"template":"","format":"standard","meta":{"_et_pb_use_builder":"","_et_pb_old_content":"","_et_gb_content_width":"","ngg_post_thumbnail":0,"footnotes":""},"categories":[364,4],"tags":[],"class_list":["post-9702","post","type-post","status-publish","format-standard","has-post-thumbnail","hentry","category-jardi-2","category-comprar-venda-plantes-barcelona"],"_links":{"self":[{"href":"https:\/\/www.catalunyaplants.com\/cat\/wp-json\/wp\/v2\/posts\/9702","targetHints":{"allow":["GET"]}}],"collection":[{"href":"https:\/\/www.catalunyaplants.com\/cat\/wp-json\/wp\/v2\/posts"}],"about":[{"href":"https:\/\/www.catalunyaplants.com\/cat\/wp-json\/wp\/v2\/types\/post"}],"author":[{"embeddable":true,"href":"https:\/\/www.catalunyaplants.com\/cat\/wp-json\/wp\/v2\/users\/4"}],"replies":[{"embeddable":true,"href":"https:\/\/www.catalunyaplants.com\/cat\/wp-json\/wp\/v2\/comments?post=9702"}],"version-history":[{"count":2,"href":"https:\/\/www.catalunyaplants.com\/cat\/wp-json\/wp\/v2\/posts\/9702\/revisions"}],"predecessor-version":[{"id":9705,"href":"https:\/\/www.catalunyaplants.com\/cat\/wp-json\/wp\/v2\/posts\/9702\/revisions\/9705"}],"wp:featuredmedia":[{"embeddable":true,"href":"https:\/\/www.catalunyaplants.com\/cat\/wp-json\/wp\/v2\/media\/9703"}],"wp:attachment":[{"href":"https:\/\/www.catalunyaplants.com\/cat\/wp-json\/wp\/v2\/media?parent=9702"}],"wp:term":[{"taxonomy":"category","embeddable":true,"href":"https:\/\/www.catalunyaplants.com\/cat\/wp-json\/wp\/v2\/categories?post=9702"},{"taxonomy":"post_tag","embeddable":true,"href":"https:\/\/www.catalunyaplants.com\/cat\/wp-json\/wp\/v2\/tags?post=9702"}],"curies":[{"name":"wp","href":"https:\/\/api.w.org\/{rel}","templated":true}]}}